{"id":2761,"date":"2024-01-18T13:01:06","date_gmt":"2024-01-18T13:01:06","guid":{"rendered":"https:\/\/audioprothesistes-a-domicile.fr\/?p=2761"},"modified":"2024-01-18T13:15:09","modified_gmt":"2024-01-18T13:15:09","slug":"les-protheses-auditives-intelligentes-alimentees-par-l-ia","status":"publish","type":"post","link":"https:\/\/audioprothesistes-a-domicile.fr\/?p=2761","title":{"rendered":"Les Proth\u00e8ses Auditives Intelligentes Aliment\u00e9es par l&rsquo;IA"},"content":{"rendered":"\t\t<div data-elementor-type=\"wp-post\" data-elementor-id=\"2761\" class=\"elementor elementor-2761\" data-elementor-post-type=\"post\">\n\t\t\t\t<header class=\"elementor-element elementor-element-1a7cdbbe e-con-full e-flex e-con e-parent\" data-id=\"1a7cdbbe\" data-element_type=\"container\" data-e-type=\"container\">\n\t\t<div class=\"elementor-element elementor-element-63f9b086 e-con-full e-flex e-con e-child\" data-id=\"63f9b086\" data-element_type=\"container\" data-e-type=\"container\">\n\t\t\t\t<div class=\"elementor-element elementor-element-41d9bfd1 elementor-widget__width-initial elementor-widget elementor-widget-theme-site-logo elementor-widget-image\" data-id=\"41d9bfd1\" data-element_type=\"widget\" data-e-type=\"widget\" data-widget_type=\"theme-site-logo.default\">\n\t\t\t\t<div class=\"elementor-widget-container\">\n\t\t\t\t\t\t\t\t\t\t\t<a href=\"https:\/\/audioprothesistes-a-domicile.fr\">\n\t\t\t<img decoding=\"async\" width=\"624\" height=\"76\" src=\"https:\/\/audioprothesistes-a-domicile.fr\/wp-content\/uploads\/2023\/12\/audioprothesiste-paris.jpeg\" class=\"attachment-full size-full wp-image-1876\" alt=\"\" srcset=\"https:\/\/audioprothesistes-a-domicile.fr\/wp-content\/uploads\/2023\/12\/audioprothesiste-paris.jpeg 624w, https:\/\/audioprothesistes-a-domicile.fr\/wp-content\/uploads\/2023\/12\/audioprothesiste-paris-300x37.jpeg 300w\" sizes=\"(max-width: 624px) 100vw, 624px\" \/>\t\t\t\t<\/a>\n\t\t\t\t\t\t\t\t\t\t\t<\/div>\n\t\t\t\t<\/div>\n\t\t\t\t<\/div>\n\t\t<div class=\"elementor-element elementor-element-78e90ce4 e-con-full e-flex e-con e-child\" data-id=\"78e90ce4\" data-element_type=\"container\" data-e-type=\"container\">\n\t\t\t\t<div class=\"elementor-element elementor-element-be9f741 elementor-widget-mobile__width-initial elementor-nav-menu__align-end elementor-hidden-mobile elementor-nav-menu--dropdown-tablet elementor-nav-menu__text-align-aside elementor-nav-menu--toggle elementor-nav-menu--burger elementor-widget elementor-widget-nav-menu\" data-id=\"be9f741\" data-element_type=\"widget\" data-e-type=\"widget\" data-settings=\"{&quot;layout&quot;:&quot;horizontal&quot;,&quot;submenu_icon&quot;:{&quot;value&quot;:&quot;&lt;svg class=\\&quot;e-font-icon-svg e-fas-caret-down\\&quot; viewBox=\\&quot;0 0 320 512\\&quot; xmlns=\\&quot;http:\\\/\\\/www.w3.org\\\/2000\\\/svg\\&quot;&gt;&lt;path d=\\&quot;M31.3 192h257.3c17.8 0 26.7 21.5 14.1 34.1L174.1 354.8c-7.8 7.8-20.5 7.8-28.3 0L17.2 226.1C4.6 213.5 13.5 192 31.3 192z\\&quot;&gt;&lt;\\\/path&gt;&lt;\\\/svg&gt;&quot;,&quot;library&quot;:&quot;fa-solid&quot;},&quot;toggle&quot;:&quot;burger&quot;}\" data-widget_type=\"nav-menu.default\">\n\t\t\t\t<div class=\"elementor-widget-container\">\n\t\t\t\t\t\t\t\t<nav class=\"elementor-nav-menu--main elementor-nav-menu__container elementor-nav-menu--layout-horizontal e--pointer-none\">\n\t\t\t\t<ul id=\"menu-1-be9f741\" class=\"elementor-nav-menu\"><li class=\"menu-item menu-item-type-post_type menu-item-object-page menu-item-home menu-item-1326\"><a href=\"https:\/\/audioprothesistes-a-domicile.fr\/\" class=\"elementor-item\">Accueil<\/a><\/li>\n<li class=\"menu-item menu-item-type-post_type menu-item-object-page menu-item-1325\"><a href=\"https:\/\/audioprothesistes-a-domicile.fr\/?page_id=1306\" class=\"elementor-item\">Test Audio<\/a><\/li>\n<li class=\"menu-item menu-item-type-custom menu-item-object-custom menu-item-has-children menu-item-1474\"><a href=\"#\" class=\"elementor-item elementor-item-anchor\">Optimiser l&rsquo;Audition<\/a>\n<ul class=\"sub-menu elementor-nav-menu--dropdown\">\n\t<li class=\"menu-item menu-item-type-post_type menu-item-object-page menu-item-2929\"><a href=\"https:\/\/audioprothesistes-a-domicile.fr\/?page_id=2921\" class=\"elementor-sub-item\">Audioproth\u00e9siste<\/a><\/li>\n\t<li class=\"menu-item menu-item-type-post_type menu-item-object-page menu-item-has-children menu-item-1482\"><a href=\"https:\/\/audioprothesistes-a-domicile.fr\/?page_id=1386\" class=\"elementor-sub-item\">Exploration des Divers Types de D\u00e9ficience Auditive<\/a>\n\t<ul class=\"sub-menu elementor-nav-menu--dropdown\">\n\t\t<li class=\"menu-item menu-item-type-post_type menu-item-object-page menu-item-1475\"><a href=\"https:\/\/audioprothesistes-a-domicile.fr\/?page_id=1389\" class=\"elementor-sub-item\">Perte Auditive Conductive<\/a><\/li>\n\t\t<li class=\"menu-item menu-item-type-post_type menu-item-object-page menu-item-1476\"><a href=\"https:\/\/audioprothesistes-a-domicile.fr\/?page_id=1458\" class=\"elementor-sub-item\">Perte Auditive due au Vieillissement Presbyacousie<\/a><\/li>\n\t\t<li class=\"menu-item menu-item-type-post_type menu-item-object-page menu-item-1477\"><a href=\"https:\/\/audioprothesistes-a-domicile.fr\/?page_id=1464\" class=\"elementor-sub-item\">Perte Auditive Fluctuante<\/a><\/li>\n\t\t<li class=\"menu-item menu-item-type-post_type menu-item-object-page menu-item-1478\"><a href=\"https:\/\/audioprothesistes-a-domicile.fr\/?page_id=1428\" class=\"elementor-sub-item\">Perte Auditive Mixte<\/a><\/li>\n\t\t<li class=\"menu-item menu-item-type-post_type menu-item-object-page menu-item-1479\"><a href=\"https:\/\/audioprothesistes-a-domicile.fr\/?page_id=1443\" class=\"elementor-sub-item\">Perte Auditive Neurosensorielle<\/a><\/li>\n\t\t<li class=\"menu-item menu-item-type-post_type menu-item-object-page menu-item-1480\"><a href=\"https:\/\/audioprothesistes-a-domicile.fr\/?page_id=1401\" class=\"elementor-sub-item\">Perte Auditive Sensorineurale<\/a><\/li>\n\t\t<li class=\"menu-item menu-item-type-post_type menu-item-object-page menu-item-1481\"><a href=\"https:\/\/audioprothesistes-a-domicile.fr\/?page_id=1449\" class=\"elementor-sub-item\">Perte Auditive Soudaine<\/a><\/li>\n\t<\/ul>\n<\/li>\n<\/ul>\n<\/li>\n<\/ul>\t\t\t<\/nav>\n\t\t\t\t\t<div class=\"elementor-menu-toggle\" role=\"button\" tabindex=\"0\" aria-label=\"Permuter le menu\" aria-expanded=\"false\">\n\t\t\t<svg aria-hidden=\"true\" role=\"presentation\" class=\"elementor-menu-toggle__icon--open e-font-icon-svg e-eicon-menu-bar\" viewBox=\"0 0 1000 1000\" xmlns=\"http:\/\/www.w3.org\/2000\/svg\"><path d=\"M104 333H896C929 333 958 304 958 271S929 208 896 208H104C71 208 42 237 42 271S71 333 104 333ZM104 583H896C929 583 958 554 958 521S929 458 896 458H104C71 458 42 487 42 521S71 583 104 583ZM104 833H896C929 833 958 804 958 771S929 708 896 708H104C71 708 42 737 42 771S71 833 104 833Z\"><\/path><\/svg><svg aria-hidden=\"true\" role=\"presentation\" class=\"elementor-menu-toggle__icon--close e-font-icon-svg e-eicon-close\" viewBox=\"0 0 1000 1000\" xmlns=\"http:\/\/www.w3.org\/2000\/svg\"><path d=\"M742 167L500 408 258 167C246 154 233 150 217 150 196 150 179 158 167 167 154 179 150 196 150 212 150 229 154 242 171 254L408 500 167 742C138 771 138 800 167 829 196 858 225 858 254 829L496 587 738 829C750 842 767 846 783 846 800 846 817 842 829 829 842 817 846 804 846 783 846 767 842 750 829 737L588 500 833 258C863 229 863 200 833 171 804 137 775 137 742 167Z\"><\/path><\/svg>\t\t\t<span class=\"elementor-screen-only\">Menu<\/span>\n\t\t<\/div>\n\t\t\t\t\t<nav class=\"elementor-nav-menu--dropdown elementor-nav-menu__container\" aria-hidden=\"true\">\n\t\t\t\t<ul id=\"menu-2-be9f741\" class=\"elementor-nav-menu\"><li class=\"menu-item menu-item-type-post_type menu-item-object-page menu-item-home menu-item-1326\"><a href=\"https:\/\/audioprothesistes-a-domicile.fr\/\" class=\"elementor-item\" tabindex=\"-1\">Accueil<\/a><\/li>\n<li class=\"menu-item menu-item-type-post_type menu-item-object-page menu-item-1325\"><a href=\"https:\/\/audioprothesistes-a-domicile.fr\/?page_id=1306\" class=\"elementor-item\" tabindex=\"-1\">Test Audio<\/a><\/li>\n<li class=\"menu-item menu-item-type-custom menu-item-object-custom menu-item-has-children menu-item-1474\"><a href=\"#\" class=\"elementor-item elementor-item-anchor\" tabindex=\"-1\">Optimiser l&rsquo;Audition<\/a>\n<ul class=\"sub-menu elementor-nav-menu--dropdown\">\n\t<li class=\"menu-item menu-item-type-post_type menu-item-object-page menu-item-2929\"><a href=\"https:\/\/audioprothesistes-a-domicile.fr\/?page_id=2921\" class=\"elementor-sub-item\" tabindex=\"-1\">Audioproth\u00e9siste<\/a><\/li>\n\t<li class=\"menu-item menu-item-type-post_type menu-item-object-page menu-item-has-children menu-item-1482\"><a href=\"https:\/\/audioprothesistes-a-domicile.fr\/?page_id=1386\" class=\"elementor-sub-item\" tabindex=\"-1\">Exploration des Divers Types de D\u00e9ficience Auditive<\/a>\n\t<ul class=\"sub-menu elementor-nav-menu--dropdown\">\n\t\t<li class=\"menu-item menu-item-type-post_type menu-item-object-page menu-item-1475\"><a href=\"https:\/\/audioprothesistes-a-domicile.fr\/?page_id=1389\" class=\"elementor-sub-item\" tabindex=\"-1\">Perte Auditive Conductive<\/a><\/li>\n\t\t<li class=\"menu-item menu-item-type-post_type menu-item-object-page menu-item-1476\"><a href=\"https:\/\/audioprothesistes-a-domicile.fr\/?page_id=1458\" class=\"elementor-sub-item\" tabindex=\"-1\">Perte Auditive due au Vieillissement Presbyacousie<\/a><\/li>\n\t\t<li class=\"menu-item menu-item-type-post_type menu-item-object-page menu-item-1477\"><a href=\"https:\/\/audioprothesistes-a-domicile.fr\/?page_id=1464\" class=\"elementor-sub-item\" tabindex=\"-1\">Perte Auditive Fluctuante<\/a><\/li>\n\t\t<li class=\"menu-item menu-item-type-post_type menu-item-object-page menu-item-1478\"><a href=\"https:\/\/audioprothesistes-a-domicile.fr\/?page_id=1428\" class=\"elementor-sub-item\" tabindex=\"-1\">Perte Auditive Mixte<\/a><\/li>\n\t\t<li class=\"menu-item menu-item-type-post_type menu-item-object-page menu-item-1479\"><a href=\"https:\/\/audioprothesistes-a-domicile.fr\/?page_id=1443\" class=\"elementor-sub-item\" tabindex=\"-1\">Perte Auditive Neurosensorielle<\/a><\/li>\n\t\t<li class=\"menu-item menu-item-type-post_type menu-item-object-page menu-item-1480\"><a href=\"https:\/\/audioprothesistes-a-domicile.fr\/?page_id=1401\" class=\"elementor-sub-item\" tabindex=\"-1\">Perte Auditive Sensorineurale<\/a><\/li>\n\t\t<li class=\"menu-item menu-item-type-post_type menu-item-object-page menu-item-1481\"><a href=\"https:\/\/audioprothesistes-a-domicile.fr\/?page_id=1449\" class=\"elementor-sub-item\" tabindex=\"-1\">Perte Auditive Soudaine<\/a><\/li>\n\t<\/ul>\n<\/li>\n<\/ul>\n<\/li>\n<\/ul>\t\t\t<\/nav>\n\t\t\t\t\t\t<\/div>\n\t\t\t\t<\/div>\n\t\t\t\t<div class=\"elementor-element elementor-element-79e4a313 elementor-widget-mobile__width-initial elementor-nav-menu__align-end elementor-fixed elementor-hidden-desktop elementor-hidden-tablet elementor-nav-menu--dropdown-tablet elementor-nav-menu__text-align-aside elementor-nav-menu--toggle elementor-nav-menu--burger elementor-widget elementor-widget-nav-menu\" data-id=\"79e4a313\" data-element_type=\"widget\" data-e-type=\"widget\" data-settings=\"{&quot;_position&quot;:&quot;fixed&quot;,&quot;layout&quot;:&quot;horizontal&quot;,&quot;submenu_icon&quot;:{&quot;value&quot;:&quot;&lt;svg class=\\&quot;e-font-icon-svg e-fas-caret-down\\&quot; viewBox=\\&quot;0 0 320 512\\&quot; xmlns=\\&quot;http:\\\/\\\/www.w3.org\\\/2000\\\/svg\\&quot;&gt;&lt;path d=\\&quot;M31.3 192h257.3c17.8 0 26.7 21.5 14.1 34.1L174.1 354.8c-7.8 7.8-20.5 7.8-28.3 0L17.2 226.1C4.6 213.5 13.5 192 31.3 192z\\&quot;&gt;&lt;\\\/path&gt;&lt;\\\/svg&gt;&quot;,&quot;library&quot;:&quot;fa-solid&quot;},&quot;toggle&quot;:&quot;burger&quot;}\" data-widget_type=\"nav-menu.default\">\n\t\t\t\t<div class=\"elementor-widget-container\">\n\t\t\t\t\t\t\t\t<nav class=\"elementor-nav-menu--main elementor-nav-menu__container elementor-nav-menu--layout-horizontal e--pointer-none\">\n\t\t\t\t<ul id=\"menu-1-79e4a313\" class=\"elementor-nav-menu\"><li class=\"menu-item menu-item-type-post_type menu-item-object-page menu-item-home menu-item-1326\"><a href=\"https:\/\/audioprothesistes-a-domicile.fr\/\" class=\"elementor-item\">Accueil<\/a><\/li>\n<li class=\"menu-item menu-item-type-post_type menu-item-object-page menu-item-1325\"><a href=\"https:\/\/audioprothesistes-a-domicile.fr\/?page_id=1306\" class=\"elementor-item\">Test Audio<\/a><\/li>\n<li class=\"menu-item menu-item-type-custom menu-item-object-custom menu-item-has-children menu-item-1474\"><a href=\"#\" class=\"elementor-item elementor-item-anchor\">Optimiser l&rsquo;Audition<\/a>\n<ul class=\"sub-menu elementor-nav-menu--dropdown\">\n\t<li class=\"menu-item menu-item-type-post_type menu-item-object-page menu-item-2929\"><a href=\"https:\/\/audioprothesistes-a-domicile.fr\/?page_id=2921\" class=\"elementor-sub-item\">Audioproth\u00e9siste<\/a><\/li>\n\t<li class=\"menu-item menu-item-type-post_type menu-item-object-page menu-item-has-children menu-item-1482\"><a href=\"https:\/\/audioprothesistes-a-domicile.fr\/?page_id=1386\" class=\"elementor-sub-item\">Exploration des Divers Types de D\u00e9ficience Auditive<\/a>\n\t<ul class=\"sub-menu elementor-nav-menu--dropdown\">\n\t\t<li class=\"menu-item menu-item-type-post_type menu-item-object-page menu-item-1475\"><a href=\"https:\/\/audioprothesistes-a-domicile.fr\/?page_id=1389\" class=\"elementor-sub-item\">Perte Auditive Conductive<\/a><\/li>\n\t\t<li class=\"menu-item menu-item-type-post_type menu-item-object-page menu-item-1476\"><a href=\"https:\/\/audioprothesistes-a-domicile.fr\/?page_id=1458\" class=\"elementor-sub-item\">Perte Auditive due au Vieillissement Presbyacousie<\/a><\/li>\n\t\t<li class=\"menu-item menu-item-type-post_type menu-item-object-page menu-item-1477\"><a href=\"https:\/\/audioprothesistes-a-domicile.fr\/?page_id=1464\" class=\"elementor-sub-item\">Perte Auditive Fluctuante<\/a><\/li>\n\t\t<li class=\"menu-item menu-item-type-post_type menu-item-object-page menu-item-1478\"><a href=\"https:\/\/audioprothesistes-a-domicile.fr\/?page_id=1428\" class=\"elementor-sub-item\">Perte Auditive Mixte<\/a><\/li>\n\t\t<li class=\"menu-item menu-item-type-post_type menu-item-object-page menu-item-1479\"><a href=\"https:\/\/audioprothesistes-a-domicile.fr\/?page_id=1443\" class=\"elementor-sub-item\">Perte Auditive Neurosensorielle<\/a><\/li>\n\t\t<li class=\"menu-item menu-item-type-post_type menu-item-object-page menu-item-1480\"><a href=\"https:\/\/audioprothesistes-a-domicile.fr\/?page_id=1401\" class=\"elementor-sub-item\">Perte Auditive Sensorineurale<\/a><\/li>\n\t\t<li class=\"menu-item menu-item-type-post_type menu-item-object-page menu-item-1481\"><a href=\"https:\/\/audioprothesistes-a-domicile.fr\/?page_id=1449\" class=\"elementor-sub-item\">Perte Auditive Soudaine<\/a><\/li>\n\t<\/ul>\n<\/li>\n<\/ul>\n<\/li>\n<\/ul>\t\t\t<\/nav>\n\t\t\t\t\t<div class=\"elementor-menu-toggle\" role=\"button\" tabindex=\"0\" aria-label=\"Permuter le menu\" aria-expanded=\"false\">\n\t\t\t<svg aria-hidden=\"true\" role=\"presentation\" class=\"elementor-menu-toggle__icon--open e-font-icon-svg e-eicon-menu-bar\" viewBox=\"0 0 1000 1000\" xmlns=\"http:\/\/www.w3.org\/2000\/svg\"><path d=\"M104 333H896C929 333 958 304 958 271S929 208 896 208H104C71 208 42 237 42 271S71 333 104 333ZM104 583H896C929 583 958 554 958 521S929 458 896 458H104C71 458 42 487 42 521S71 583 104 583ZM104 833H896C929 833 958 804 958 771S929 708 896 708H104C71 708 42 737 42 771S71 833 104 833Z\"><\/path><\/svg><svg aria-hidden=\"true\" role=\"presentation\" class=\"elementor-menu-toggle__icon--close e-font-icon-svg e-eicon-close\" viewBox=\"0 0 1000 1000\" xmlns=\"http:\/\/www.w3.org\/2000\/svg\"><path d=\"M742 167L500 408 258 167C246 154 233 150 217 150 196 150 179 158 167 167 154 179 150 196 150 212 150 229 154 242 171 254L408 500 167 742C138 771 138 800 167 829 196 858 225 858 254 829L496 587 738 829C750 842 767 846 783 846 800 846 817 842 829 829 842 817 846 804 846 783 846 767 842 750 829 737L588 500 833 258C863 229 863 200 833 171 804 137 775 137 742 167Z\"><\/path><\/svg>\t\t\t<span class=\"elementor-screen-only\">Menu<\/span>\n\t\t<\/div>\n\t\t\t\t\t<nav class=\"elementor-nav-menu--dropdown elementor-nav-menu__container\" aria-hidden=\"true\">\n\t\t\t\t<ul id=\"menu-2-79e4a313\" class=\"elementor-nav-menu\"><li class=\"menu-item menu-item-type-post_type menu-item-object-page menu-item-home menu-item-1326\"><a href=\"https:\/\/audioprothesistes-a-domicile.fr\/\" class=\"elementor-item\" tabindex=\"-1\">Accueil<\/a><\/li>\n<li class=\"menu-item menu-item-type-post_type menu-item-object-page menu-item-1325\"><a href=\"https:\/\/audioprothesistes-a-domicile.fr\/?page_id=1306\" class=\"elementor-item\" tabindex=\"-1\">Test Audio<\/a><\/li>\n<li class=\"menu-item menu-item-type-custom menu-item-object-custom menu-item-has-children menu-item-1474\"><a href=\"#\" class=\"elementor-item elementor-item-anchor\" tabindex=\"-1\">Optimiser l&rsquo;Audition<\/a>\n<ul class=\"sub-menu elementor-nav-menu--dropdown\">\n\t<li class=\"menu-item menu-item-type-post_type menu-item-object-page menu-item-2929\"><a href=\"https:\/\/audioprothesistes-a-domicile.fr\/?page_id=2921\" class=\"elementor-sub-item\" tabindex=\"-1\">Audioproth\u00e9siste<\/a><\/li>\n\t<li class=\"menu-item menu-item-type-post_type menu-item-object-page menu-item-has-children menu-item-1482\"><a href=\"https:\/\/audioprothesistes-a-domicile.fr\/?page_id=1386\" class=\"elementor-sub-item\" tabindex=\"-1\">Exploration des Divers Types de D\u00e9ficience Auditive<\/a>\n\t<ul class=\"sub-menu elementor-nav-menu--dropdown\">\n\t\t<li class=\"menu-item menu-item-type-post_type menu-item-object-page menu-item-1475\"><a href=\"https:\/\/audioprothesistes-a-domicile.fr\/?page_id=1389\" class=\"elementor-sub-item\" tabindex=\"-1\">Perte Auditive Conductive<\/a><\/li>\n\t\t<li class=\"menu-item menu-item-type-post_type menu-item-object-page menu-item-1476\"><a href=\"https:\/\/audioprothesistes-a-domicile.fr\/?page_id=1458\" class=\"elementor-sub-item\" tabindex=\"-1\">Perte Auditive due au Vieillissement Presbyacousie<\/a><\/li>\n\t\t<li class=\"menu-item menu-item-type-post_type menu-item-object-page menu-item-1477\"><a href=\"https:\/\/audioprothesistes-a-domicile.fr\/?page_id=1464\" class=\"elementor-sub-item\" tabindex=\"-1\">Perte Auditive Fluctuante<\/a><\/li>\n\t\t<li class=\"menu-item menu-item-type-post_type menu-item-object-page menu-item-1478\"><a href=\"https:\/\/audioprothesistes-a-domicile.fr\/?page_id=1428\" class=\"elementor-sub-item\" tabindex=\"-1\">Perte Auditive Mixte<\/a><\/li>\n\t\t<li class=\"menu-item menu-item-type-post_type menu-item-object-page menu-item-1479\"><a href=\"https:\/\/audioprothesistes-a-domicile.fr\/?page_id=1443\" class=\"elementor-sub-item\" tabindex=\"-1\">Perte Auditive Neurosensorielle<\/a><\/li>\n\t\t<li class=\"menu-item menu-item-type-post_type menu-item-object-page menu-item-1480\"><a href=\"https:\/\/audioprothesistes-a-domicile.fr\/?page_id=1401\" class=\"elementor-sub-item\" tabindex=\"-1\">Perte Auditive Sensorineurale<\/a><\/li>\n\t\t<li class=\"menu-item menu-item-type-post_type menu-item-object-page menu-item-1481\"><a href=\"https:\/\/audioprothesistes-a-domicile.fr\/?page_id=1449\" class=\"elementor-sub-item\" tabindex=\"-1\">Perte Auditive Soudaine<\/a><\/li>\n\t<\/ul>\n<\/li>\n<\/ul>\n<\/li>\n<\/ul>\t\t\t<\/nav>\n\t\t\t\t\t\t<\/div>\n\t\t\t\t<\/div>\n\t\t\t\t<\/div>\n\t\t<div class=\"elementor-element elementor-element-78d6c558 e-con-full e-flex e-con e-child\" data-id=\"78d6c558\" data-element_type=\"container\" data-e-type=\"container\">\n\t\t\t\t<div class=\"elementor-element elementor-element-1eaa2159 elementor-align-center elementor-widget elementor-widget-button\" data-id=\"1eaa2159\" data-element_type=\"widget\" data-e-type=\"widget\" data-widget_type=\"button.default\">\n\t\t\t\t<div class=\"elementor-widget-container\">\n\t\t\t\t\t\t\t\t\t<div class=\"elementor-button-wrapper\">\n\t\t\t\t\t<a class=\"elementor-button elementor-button-link elementor-size-sm\" href=\"#\">\n\t\t\t\t\t\t<span class=\"elementor-button-content-wrapper\">\n\t\t\t\t\t\t\t\t\t<span class=\"elementor-button-text\">Bilan auditif gratuit <\/span>\n\t\t\t\t\t<\/span>\n\t\t\t\t\t<\/a>\n\t\t\t\t<\/div>\n\t\t\t\t\t\t\t\t<\/div>\n\t\t\t\t<\/div>\n\t\t\t\t<\/div>\n\t\t\t\t<\/header>\n\t\t<div class=\"elementor-element elementor-element-6692aaa2 e-flex e-con-boxed e-con e-parent\" data-id=\"6692aaa2\" data-element_type=\"container\" data-e-type=\"container\">\n\t\t\t\t\t<div class=\"e-con-inner\">\n\t\t<div class=\"elementor-element elementor-element-50c7f910 e-con-full e-flex e-con e-child\" data-id=\"50c7f910\" data-element_type=\"container\" data-e-type=\"container\">\n\t\t\t\t<div class=\"elementor-element elementor-element-417ba7e7 elementor-widget elementor-widget-text-editor\" data-id=\"417ba7e7\" data-element_type=\"widget\" data-e-type=\"widget\" data-widget_type=\"text-editor.default\">\n\t\t\t\t<div class=\"elementor-widget-container\">\n\t\t\t\t\t\t\t\t\t<h2><strong> Les Proth\u00e8ses Auditives Intelligentes Aliment\u00e9es par l&rsquo;IA : Une R\u00e9volution pour les Personnes Malentendantes<\/strong><\/h2><p>La technologie de l&rsquo;intelligence artificielle (IA) continue de transformer divers secteurs de la sant\u00e9, et le domaine de l&rsquo;audition ne fait pas exception. Les proth\u00e8ses auditives traditionnelles ont consid\u00e9rablement am\u00e9lior\u00e9 la qualit\u00e9 de vie des personnes atteintes de perte auditive, mais les avanc\u00e9es r\u00e9centes ont ouvert la voie \u00e0 une nouvelle \u00e8re de proth\u00e8ses auditives intelligentes, capables d&rsquo;adapter leurs performances en temps r\u00e9el pour r\u00e9pondre aux besoins individuels des utilisateurs. Dans cet article, nous explorerons les caract\u00e9ristiques et les avantages de ces proth\u00e8ses auditives aliment\u00e9es par l&rsquo;IA.<\/p><h3><strong>Comprendre la Perte Auditive et la Neuropathie Auditive<\/strong><\/h3><p>Avant d&rsquo;explorer les proth\u00e8ses auditives intelligentes, il est important de comprendre les probl\u00e8mes d&rsquo;audition auxquels sont confront\u00e9es de nombreuses personnes. La perte auditive peut r\u00e9sulter de diverses causes, notamment le vieillissement, les traumatismes, les infections et les facteurs g\u00e9n\u00e9tiques. Certaines personnes souffrent \u00e9galement de neuropathie auditive, une condition rare qui affecte la transmission des signaux auditifs du nerf auditif au cerveau.<\/p><h3><strong>Les Proth\u00e8ses Auditives Intelligentes : Une R\u00e9ponse \u00e0 la Perte Auditive<\/strong><\/h3><p>Les proth\u00e8ses auditives intelligentes utilisent l&rsquo;IA pour am\u00e9liorer consid\u00e9rablement l&rsquo;exp\u00e9rience auditive des personnes malentendantes. Voici quelques-unes des caract\u00e9ristiques cl\u00e9s de ces dispositifs r\u00e9volutionnaires :<\/p><ol><li><p><strong>Suppression du bruit de fond :<\/strong> Les proth\u00e8ses auditives aliment\u00e9es par l&rsquo;IA sont dot\u00e9es de capteurs avanc\u00e9s et d&rsquo;algorithmes de traitement qui peuvent identifier et r\u00e9duire automatiquement le bruit de fond ind\u00e9sirable. Cela permet aux utilisateurs de se concentrer sur la parole ou les sons importants.<\/p><\/li><li><p><strong>Focalisation sur la voix humaine :<\/strong> Ces proth\u00e8ses auditives sont con\u00e7ues pour d\u00e9tecter la voix humaine et amplifier les conversations tout en att\u00e9nuant les bruits distrayants.<\/p><\/li><li><p><strong>Adaptation en temps r\u00e9el :<\/strong> Gr\u00e2ce \u00e0 l&rsquo;IA, les proth\u00e8ses auditives peuvent ajuster automatiquement leurs param\u00e8tres en fonction de l&rsquo;environnement sonore. Par exemple, elles peuvent reconna\u00eetre quand vous \u00eates dans un restaurant bruyant et optimiser les r\u00e9glages pour une meilleure compr\u00e9hension.<\/p><\/li><li><p><strong>Apprentissage des pr\u00e9f\u00e9rences de l&rsquo;utilisateur :<\/strong> Ces dispositifs sont capables d&rsquo;apprendre les pr\u00e9f\u00e9rences auditives individuelles de l&rsquo;utilisateur au fil du temps, offrant une exp\u00e9rience de plus en plus personnalis\u00e9e.<\/p><\/li><li><p><strong>Connectivit\u00e9 avec des applications mobiles :<\/strong> De nombreuses proth\u00e8ses auditives intelligentes peuvent \u00eatre associ\u00e9es \u00e0 des applications mobiles qui permettent aux utilisateurs de personnaliser davantage leurs r\u00e9glages, de suivre leurs performances et de recevoir des mises \u00e0 jour logicielles en temps r\u00e9el.<\/p><\/li><\/ol><h3><strong>Les Avantages de ces Proth\u00e8ses Auditives Intelligentes<\/strong><\/h3><p>Ces nouvelles proth\u00e8ses auditives aliment\u00e9es par l&rsquo;IA apportent de nombreux avantages aux personnes malentendantes, notamment :<\/p><ul><li>Une meilleure qualit\u00e9 sonore dans divers environnements.<\/li><li>Une plus grande autonomie et une utilisation plus confortable.<\/li><li>La possibilit\u00e9 de participer activement \u00e0 des conversations et \u00e0 des activit\u00e9s sociales.<\/li><li>Une am\u00e9lioration de la qualit\u00e9 de vie et de la sant\u00e9 mentale, car l&rsquo;isolement social peut \u00eatre un probl\u00e8me pour les personnes atteintes de perte auditive non trait\u00e9e.<\/li><\/ul><h2><strong> La Neuropathie Auditive<\/strong><\/h2><p>Les proth\u00e8ses auditives intelligentes aliment\u00e9es par l&rsquo;IA sont une v\u00e9ritable r\u00e9volution pour les personnes malentendantes. Gr\u00e2ce \u00e0 leur capacit\u00e9 \u00e0 s&rsquo;adapter aux besoins individuels et \u00e0 offrir une exp\u00e9rience auditive optimis\u00e9e, elles ouvrent de nouvelles possibilit\u00e9s pour ceux qui souffrent de perte auditive. En investissant dans ces technologies, nous pouvons am\u00e9liorer la qualit\u00e9 de vie et la participation sociale de millions de personnes \u00e0 travers le monde, tout en continuant \u00e0 explorer les possibilit\u00e9s infinies de l&rsquo;IA dans le domaine de la sant\u00e9.<\/p>\t\t\t\t\t\t\t\t<\/div>\n\t\t\t\t<\/div>\n\t\t\t\t<\/div>\n\t\t<div class=\"elementor-element elementor-element-5aaa4656 e-con-full e-flex e-con e-child\" data-id=\"5aaa4656\" data-element_type=\"container\" data-e-type=\"container\">\n\t\t\t\t<div class=\"elementor-element elementor-element-2a8a1c15 elementor-widget elementor-widget-image\" data-id=\"2a8a1c15\" data-element_type=\"widget\" data-e-type=\"widget\" data-widget_type=\"image.default\">\n\t\t\t\t<div class=\"elementor-widget-container\">\n\t\t\t\t\t\t\t\t\t\t\t\t\t\t\t<img fetchpriority=\"high\" decoding=\"async\" width=\"800\" height=\"800\" src=\"https:\/\/audioprothesistes-a-domicile.fr\/wp-content\/uploads\/2024\/01\/Les-Protheses-Auditives-Intelligentes-Alimentees-par-lIA.webp\" class=\"attachment-large size-large wp-image-2764\" alt=\"\" srcset=\"https:\/\/audioprothesistes-a-domicile.fr\/wp-content\/uploads\/2024\/01\/Les-Protheses-Auditives-Intelligentes-Alimentees-par-lIA.webp 1024w, https:\/\/audioprothesistes-a-domicile.fr\/wp-content\/uploads\/2024\/01\/Les-Protheses-Auditives-Intelligentes-Alimentees-par-lIA-300x300.webp 300w, https:\/\/audioprothesistes-a-domicile.fr\/wp-content\/uploads\/2024\/01\/Les-Protheses-Auditives-Intelligentes-Alimentees-par-lIA-150x150.webp 150w, https:\/\/audioprothesistes-a-domicile.fr\/wp-content\/uploads\/2024\/01\/Les-Protheses-Auditives-Intelligentes-Alimentees-par-lIA-768x768.webp 768w\" sizes=\"(max-width: 800px) 100vw, 800px\" \/>\t\t\t\t\t\t\t\t\t\t\t\t\t\t\t<\/div>\n\t\t\t\t<\/div>\n\t\t\t\t<div class=\"elementor-element elementor-element-2efa2b8a elementor-widget elementor-widget-heading\" data-id=\"2efa2b8a\" data-element_type=\"widget\" data-e-type=\"widget\" data-widget_type=\"heading.default\">\n\t\t\t\t<div class=\"elementor-widget-container\">\n\t\t\t\t\t<h5 class=\"elementor-heading-title elementor-size-default\">Choisissez la marque de votre appareil auditif<\/h5>\t\t\t\t<\/div>\n\t\t\t\t<\/div>\n\t\t\t\t<div class=\"elementor-element elementor-element-334b3e02 elementor-widget elementor-widget-image-carousel\" data-id=\"334b3e02\" data-element_type=\"widget\" data-e-type=\"widget\" data-settings=\"{&quot;navigation&quot;:&quot;none&quot;,&quot;image_spacing_custom&quot;:{&quot;unit&quot;:&quot;px&quot;,&quot;size&quot;:0,&quot;sizes&quot;:[]},&quot;slides_to_scroll&quot;:&quot;1&quot;,&quot;autoplay&quot;:&quot;yes&quot;,&quot;pause_on_hover&quot;:&quot;yes&quot;,&quot;pause_on_interaction&quot;:&quot;yes&quot;,&quot;autoplay_speed&quot;:5000,&quot;infinite&quot;:&quot;yes&quot;,&quot;speed&quot;:500,&quot;image_spacing_custom_tablet&quot;:{&quot;unit&quot;:&quot;px&quot;,&quot;size&quot;:&quot;&quot;,&quot;sizes&quot;:[]},&quot;image_spacing_custom_mobile&quot;:{&quot;unit&quot;:&quot;px&quot;,&quot;size&quot;:&quot;&quot;,&quot;sizes&quot;:[]}}\" data-widget_type=\"image-carousel.default\">\n\t\t\t\t<div class=\"elementor-widget-container\">\n\t\t\t\t\t\t\t<div class=\"elementor-image-carousel-wrapper swiper\" role=\"region\" aria-roledescription=\"carousel\" aria-label=\"Carrousel d\u2019images\" dir=\"ltr\">\n\t\t\t<div class=\"elementor-image-carousel swiper-wrapper\" aria-live=\"off\">\n\t\t\t\t\t\t\t\t<div class=\"swiper-slide\" role=\"group\" aria-roledescription=\"slide\" aria-label=\"1 sur 8\"><figure class=\"swiper-slide-inner\"><img decoding=\"async\" class=\"swiper-slide-image\" src=\"https:\/\/audioprothesistes-a-domicile.fr\/wp-content\/uploads\/2023\/12\/hansaton.webp\" alt=\"hansaton\" \/><\/figure><\/div><div class=\"swiper-slide\" role=\"group\" aria-roledescription=\"slide\" aria-label=\"2 sur 8\"><figure class=\"swiper-slide-inner\"><img decoding=\"async\" class=\"swiper-slide-image\" src=\"https:\/\/audioprothesistes-a-domicile.fr\/wp-content\/uploads\/2023\/12\/Phonak.webp\" alt=\"Phonak\" \/><\/figure><\/div><div class=\"swiper-slide\" role=\"group\" aria-roledescription=\"slide\" aria-label=\"3 sur 8\"><figure class=\"swiper-slide-inner\"><img decoding=\"async\" class=\"swiper-slide-image\" src=\"https:\/\/audioprothesistes-a-domicile.fr\/wp-content\/uploads\/2023\/12\/sonova.webp\" alt=\"sonova\" \/><\/figure><\/div><div class=\"swiper-slide\" role=\"group\" aria-roledescription=\"slide\" aria-label=\"4 sur 8\"><figure class=\"swiper-slide-inner\"><img decoding=\"async\" class=\"swiper-slide-image\" src=\"https:\/\/audioprothesistes-a-domicile.fr\/wp-content\/uploads\/2023\/12\/unitron.webp\" alt=\"unitron\" \/><\/figure><\/div><div class=\"swiper-slide\" role=\"group\" aria-roledescription=\"slide\" aria-label=\"5 sur 8\"><figure class=\"swiper-slide-inner\"><img decoding=\"async\" class=\"swiper-slide-image\" src=\"https:\/\/audioprothesistes-a-domicile.fr\/wp-content\/uploads\/2023\/12\/starkey-1.webp\" alt=\"starkey\" \/><\/figure><\/div><div class=\"swiper-slide\" role=\"group\" aria-roledescription=\"slide\" aria-label=\"6 sur 8\"><figure class=\"swiper-slide-inner\"><img decoding=\"async\" class=\"swiper-slide-image\" src=\"https:\/\/audioprothesistes-a-domicile.fr\/wp-content\/uploads\/2023\/12\/signia.webp\" alt=\"signia\" \/><\/figure><\/div><div class=\"swiper-slide\" role=\"group\" aria-roledescription=\"slide\" aria-label=\"7 sur 8\"><figure class=\"swiper-slide-inner\"><img decoding=\"async\" class=\"swiper-slide-image\" src=\"https:\/\/audioprothesistes-a-domicile.fr\/wp-content\/uploads\/2023\/12\/widex.webp\" alt=\"widex\" \/><\/figure><\/div><div class=\"swiper-slide\" role=\"group\" aria-roledescription=\"slide\" aria-label=\"8 sur 8\"><figure class=\"swiper-slide-inner\"><img decoding=\"async\" class=\"swiper-slide-image\" src=\"https:\/\/audioprothesistes-a-domicile.fr\/wp-content\/uploads\/2023\/12\/oticon.webp\" alt=\"oticon\" \/><\/figure><\/div>\t\t\t<\/div>\n\t\t\t\t\t\t\t\n\t\t\t\t\t\t\t\t\t<\/div>\n\t\t\t\t\t\t<\/div>\n\t\t\t\t<\/div>\n\t\t\t\t<div class=\"elementor-element elementor-element-24ff9001 elementor-widget elementor-widget-button\" data-id=\"24ff9001\" data-element_type=\"widget\" data-e-type=\"widget\" data-widget_type=\"button.default\">\n\t\t\t\t<div class=\"elementor-widget-container\">\n\t\t\t\t\t\t\t\t\t<div class=\"elementor-button-wrapper\">\n\t\t\t\t\t<a class=\"elementor-button elementor-button-link elementor-size-sm\" href=\"https:\/\/audioprothesistes-a-domicile.fr\/contact\">\n\t\t\t\t\t\t<span class=\"elementor-button-content-wrapper\">\n\t\t\t\t\t\t<span class=\"elementor-button-icon\">\n\t\t\t\t<svg aria-hidden=\"true\" class=\"e-font-icon-svg e-far-calendar-alt\" viewBox=\"0 0 448 512\" xmlns=\"http:\/\/www.w3.org\/2000\/svg\"><path d=\"M148 288h-40c-6.6 0-12-5.4-12-12v-40c0-6.6 5.4-12 12-12h40c6.6 0 12 5.4 12 12v40c0 6.6-5.4 12-12 12zm108-12v-40c0-6.6-5.4-12-12-12h-40c-6.6 0-12 5.4-12 12v40c0 6.6 5.4 12 12 12h40c6.6 0 12-5.4 12-12zm96 0v-40c0-6.6-5.4-12-12-12h-40c-6.6 0-12 5.4-12 12v40c0 6.6 5.4 12 12 12h40c6.6 0 12-5.4 12-12zm-96 96v-40c0-6.6-5.4-12-12-12h-40c-6.6 0-12 5.4-12 12v40c0 6.6 5.4 12 12 12h40c6.6 0 12-5.4 12-12zm-96 0v-40c0-6.6-5.4-12-12-12h-40c-6.6 0-12 5.4-12 12v40c0 6.6 5.4 12 12 12h40c6.6 0 12-5.4 12-12zm192 0v-40c0-6.6-5.4-12-12-12h-40c-6.6 0-12 5.4-12 12v40c0 6.6 5.4 12 12 12h40c6.6 0 12-5.4 12-12zm96-260v352c0 26.5-21.5 48-48 48H48c-26.5 0-48-21.5-48-48V112c0-26.5 21.5-48 48-48h48V12c0-6.6 5.4-12 12-12h40c6.6 0 12 5.4 12 12v52h128V12c0-6.6 5.4-12 12-12h40c6.6 0 12 5.4 12 12v52h48c26.5 0 48 21.5 48 48zm-48 346V160H48v298c0 3.3 2.7 6 6 6h340c3.3 0 6-2.7 6-6z\"><\/path><\/svg>\t\t\t<\/span>\n\t\t\t\t\t\t\t\t\t<span class=\"elementor-button-text\">R\u00e9servez votre Rendez-Vous<\/span>\n\t\t\t\t\t<\/span>\n\t\t\t\t\t<\/a>\n\t\t\t\t<\/div>\n\t\t\t\t\t\t\t\t<\/div>\n\t\t\t\t<\/div>\n\t\t\t\t<\/div>\n\t\t\t\t\t<\/div>\n\t\t\t\t<\/div>\n\t\t<div class=\"elementor-element elementor-element-54eb701 e-flex e-con-boxed e-con e-parent\" data-id=\"54eb701\" data-element_type=\"container\" data-e-type=\"container\">\n\t\t\t\t\t<div class=\"e-con-inner\">\n\t\t<div class=\"elementor-element elementor-element-7882dbf7 e-con-full e-flex e-con e-child\" data-id=\"7882dbf7\" data-element_type=\"container\" data-e-type=\"container\">\n\t\t\t\t<div class=\"elementor-element elementor-element-1757931d elementor-widget elementor-widget-text-editor\" data-id=\"1757931d\" data-element_type=\"widget\" data-e-type=\"widget\" data-widget_type=\"text-editor.default\">\n\t\t\t\t<div class=\"elementor-widget-container\">\n\t\t\t\t\t\t\t\t\t<h4><strong>APPELEZ NOTRE CENTRE N\u00b0\u00a0<\/strong><\/h4><p><strong>Des Aides Auditives Abordables et Performantes<\/strong><\/p><p>Pour mieux comprendre dans les environnements bruyants ou lors de r\u00e9unions, il est essentiel d&rsquo;utiliser des \u00e9quipements auditifs de haute performance.<\/p><p><strong>Comprendre Mieux avec Plus d&rsquo;Accompagnement<\/strong><\/p><p>Rencontre avec l&rsquo;audioproth\u00e9siste : Suivi par les Assistants et Techniciens.<\/p><p><strong>Examens Auditifs Approfondis<\/strong><\/p><p>Centres Dot\u00e9s de Salles de Test et de Mesure pour des R\u00e9glages de Qualit\u00e9 Optimale<\/p><p><strong>Acc\u00e8s \u00e0 Toutes les Marques d&rsquo;Audioproth\u00e8ses : Diversit\u00e9 et Libert\u00e9 de Choix<\/strong><\/p><p>Assurance d&rsquo;Obtenir le Mod\u00e8le d&rsquo;Audioproth\u00e8se le Plus Adapt\u00e9 \u00e0 vos Besoins<\/p><p><strong>Services Auditifs Compl\u00e9mentaires pour des Examens Plus Approfondis<\/strong><\/p><p>Service \u00e0 Domicile : R\u00e9parations Effectu\u00e9es par un Technicien Qualifi\u00e9<\/p>\t\t\t\t\t\t\t\t<\/div>\n\t\t\t\t<\/div>\n\t\t\t\t<\/div>\n\t\t<div class=\"elementor-element elementor-element-799b1801 e-con-full e-flex e-con e-child\" data-id=\"799b1801\" data-element_type=\"container\" data-e-type=\"container\" data-settings=\"{&quot;background_background&quot;:&quot;classic&quot;}\">\n\t\t\t\t<div class=\"elementor-element elementor-element-2a8b3f9 elementor-button-align-center elementor-widget elementor-widget-form\" data-id=\"2a8b3f9\" data-element_type=\"widget\" data-e-type=\"widget\" data-settings=\"{&quot;step_next_label&quot;:&quot;Next&quot;,&quot;step_previous_label&quot;:&quot;Previous&quot;,&quot;button_width&quot;:&quot;100&quot;,&quot;step_type&quot;:&quot;number_text&quot;,&quot;step_icon_shape&quot;:&quot;circle&quot;}\" data-widget_type=\"form.default\">\n\t\t\t\t<div class=\"elementor-widget-container\">\n\t\t\t\t\t\t\t<form class=\"elementor-form\" method=\"post\" name=\"New Form\">\n\t\t\t<input type=\"hidden\" name=\"post_id\" value=\"2761\"\/>\n\t\t\t<input type=\"hidden\" name=\"form_id\" value=\"2a8b3f9\"\/>\n\t\t\t<input type=\"hidden\" name=\"referer_title\" value=\"Audioproth\u00e9siste \u00e0 Domicile\" \/>\n\n\t\t\t\n\t\t\t<div class=\"elementor-form-fields-wrapper elementor-labels-\">\n\t\t\t\t\t\t\t\t<div class=\"elementor-field-type-text elementor-field-group elementor-column elementor-field-group-name elementor-col-100 elementor-field-required\">\n\t\t\t\t\t\t\t\t\t\t\t\t<label for=\"form-field-name\" class=\"elementor-field-label elementor-screen-only\">\n\t\t\t\t\t\t\t\tNom\t\t\t\t\t\t\t<\/label>\n\t\t\t\t\t\t\t\t\t\t\t\t\t\t<input size=\"1\" type=\"text\" name=\"form_fields[name]\" id=\"form-field-name\" class=\"elementor-field elementor-size-md  elementor-field-textual\" placeholder=\"Nom\" required=\"required\" aria-required=\"true\">\n\t\t\t\t\t\t\t\t\t\t\t<\/div>\n\t\t\t\t\t\t\t\t<div class=\"elementor-field-type-tel elementor-field-group elementor-column elementor-field-group-telephone elementor-col-100\">\n\t\t\t\t\t\t\t\t\t\t\t\t<label for=\"form-field-telephone\" class=\"elementor-field-label elementor-screen-only\">\n\t\t\t\t\t\t\t\tT\u00e9l\u00e9phone\t\t\t\t\t\t\t<\/label>\n\t\t\t\t\t\t\t\t<input size=\"1\" type=\"tel\" name=\"form_fields[telephone]\" id=\"form-field-telephone\" class=\"elementor-field elementor-size-md  elementor-field-textual\" placeholder=\"T\u00e9l\u00e9phone\" pattern=\"[0-9()#&amp;+*-=.]+\" title=\"Seuls les caract\u00e8res de num\u00e9ros de t\u00e9l\u00e9phone (#, -, *, etc.) sont accept\u00e9s.\">\n\n\t\t\t\t\t\t<\/div>\n\t\t\t\t\t\t\t\t<div class=\"elementor-field-group elementor-column elementor-field-type-submit elementor-col-100 e-form__buttons\">\n\t\t\t\t\t<button type=\"submit\" class=\"elementor-button elementor-size-sm\">\n\t\t\t\t\t\t<span >\n\t\t\t\t\t\t\t\t\t\t\t\t\t\t\t<span class=\" elementor-button-icon\">\n\t\t\t\t\t\t\t\t\t\t\t\t\t\t\t\t\t\t\t\t\t\t\t\t\t\t<\/span>\n\t\t\t\t\t\t\t\t\t\t\t\t\t\t\t\t\t\t\t\t\t\t<span class=\"elementor-button-text\">Se faire rappeler<\/span>\n\t\t\t\t\t\t\t\t\t\t\t\t\t<\/span>\n\t\t\t\t\t<\/button>\n\t\t\t\t<\/div>\n\t\t\t<\/div>\n\t\t<\/form>\n\t\t\t\t\t\t<\/div>\n\t\t\t\t<\/div>\n\t\t\t\t<div class=\"elementor-element elementor-element-5fdfeb34 elementor-widget elementor-widget-text-editor\" data-id=\"5fdfeb34\" data-element_type=\"widget\" data-e-type=\"widget\" data-widget_type=\"text-editor.default\">\n\t\t\t\t<div class=\"elementor-widget-container\">\n\t\t\t\t\t\t\t\t\t<p><strong>Rendez-Vous Gratuit : Planifiez Votre Consultation Aujourd&rsquo;hui.<\/strong><\/p><p>Rencontrez nos Audioproth\u00e9sistes Dipl\u00f4m\u00e9s : D\u00e9pistage, Tests et Contr\u00f4les Gratuits Sans Engagement<\/p>\t\t\t\t\t\t\t\t<\/div>\n\t\t\t\t<\/div>\n\t\t\t\t<\/div>\n\t\t\t\t\t<\/div>\n\t\t\t\t<\/div>\n\t\t\t\t<\/div>\n\t\t","protected":false},"excerpt":{"rendered":"<p>La technologie de l&rsquo;intelligence artificielle (IA) continue de transformer divers secteurs de la sant\u00e9, et le domaine de l&rsquo;audition ne fait pas exception.<\/p>\n","protected":false},"author":1,"featured_media":2764,"comment_status":"closed","ping_status":"closed","sticky":false,"template":"","format":"standard","meta":{"footnotes":""},"categories":[32,31],"tags":[],"class_list":["post-2761","post","type-post","status-publish","format-standard","has-post-thumbnail","hentry","category-ia","category-neuropathie-auditive"],"yoast_head":"<!-- This site is optimized with the Yoast SEO plugin v27.4 - https:\/\/yoast.com\/product\/yoast-seo-wordpress\/ -->\n<title>Les Proth\u00e8ses Auditives Intelligentes Aliment\u00e9es par l&#039;IA<\/title>\n<meta name=\"description\" content=\"Les Proth\u00e8ses Auditives Intelligentes Aliment\u00e9es par l&#039;IA dipl\u00f4m\u00e9s et exp\u00e9riment\u00e9s est passionn\u00e9e par l&#039;aide qu&#039;elle apporte et s&#039;engage \u00e0 offrir les meilleures solutions auditives .\" \/>\n<meta name=\"robots\" content=\"index, follow, max-snippet:-1, max-image-preview:large, max-video-preview:-1\" \/>\n<link rel=\"canonical\" href=\"https:\/\/audioprothesistes-a-domicile.fr\/?p=2761\" \/>\n<meta property=\"og:locale\" content=\"fr_FR\" \/>\n<meta property=\"og:type\" content=\"article\" \/>\n<meta property=\"og:title\" content=\"Les Proth\u00e8ses Auditives Intelligentes Aliment\u00e9es par l&#039;IA\" \/>\n<meta property=\"og:description\" content=\"Les Proth\u00e8ses Auditives Intelligentes Aliment\u00e9es par l&#039;IA dipl\u00f4m\u00e9s et exp\u00e9riment\u00e9s est passionn\u00e9e par l&#039;aide qu&#039;elle apporte et s&#039;engage \u00e0 offrir les meilleures solutions auditives .\" \/>\n<meta property=\"og:url\" content=\"https:\/\/audioprothesistes-a-domicile.fr\/?p=2761\" \/>\n<meta property=\"og:site_name\" content=\"Audioproth\u00e9siste \u00e0 Domicile\" \/>\n<meta property=\"article:publisher\" content=\"https:\/\/www.facebook.com\/audioprothesiste.a.domicile\/\" \/>\n<meta property=\"article:published_time\" content=\"2024-01-18T13:01:06+00:00\" \/>\n<meta property=\"article:modified_time\" content=\"2024-01-18T13:15:09+00:00\" \/>\n<meta property=\"og:image\" content=\"https:\/\/audioprothesistes-a-domicile.fr\/wp-content\/uploads\/2024\/01\/Les-Protheses-Auditives-Intelligentes-Alimentees-par-lIA.webp\" \/>\n\t<meta property=\"og:image:width\" content=\"1024\" \/>\n\t<meta property=\"og:image:height\" content=\"1024\" \/>\n\t<meta property=\"og:image:type\" content=\"image\/webp\" \/>\n<meta name=\"author\" content=\"admin\" \/>\n<meta name=\"twitter:card\" content=\"summary_large_image\" \/>\n<meta name=\"twitter:creator\" content=\"@audioprothes\" \/>\n<meta name=\"twitter:site\" content=\"@audioprothes\" \/>\n<meta name=\"twitter:label1\" content=\"\u00c9crit par\" \/>\n\t<meta name=\"twitter:data1\" content=\"admin\" \/>\n\t<meta name=\"twitter:label2\" content=\"Dur\u00e9e de lecture estim\u00e9e\" \/>\n\t<meta name=\"twitter:data2\" content=\"6 minutes\" \/>\n<script type=\"application\/ld+json\" class=\"yoast-schema-graph\">{\"@context\":\"https:\\\/\\\/schema.org\",\"@graph\":[{\"@type\":\"Article\",\"@id\":\"https:\\\/\\\/audioprothesistes-a-domicile.fr\\\/?p=2761#article\",\"isPartOf\":{\"@id\":\"https:\\\/\\\/audioprothesistes-a-domicile.fr\\\/?p=2761\"},\"author\":{\"name\":\"admin\",\"@id\":\"https:\\\/\\\/audioprothesistes-a-domicile.fr\\\/#\\\/schema\\\/person\\\/d132290e0b1cc21243efe30f0b2c80e1\"},\"headline\":\"Les Proth\u00e8ses Auditives Intelligentes Aliment\u00e9es par l&rsquo;IA\",\"datePublished\":\"2024-01-18T13:01:06+00:00\",\"dateModified\":\"2024-01-18T13:15:09+00:00\",\"mainEntityOfPage\":{\"@id\":\"https:\\\/\\\/audioprothesistes-a-domicile.fr\\\/?p=2761\"},\"wordCount\":791,\"publisher\":{\"@id\":\"https:\\\/\\\/audioprothesistes-a-domicile.fr\\\/#organization\"},\"image\":{\"@id\":\"https:\\\/\\\/audioprothesistes-a-domicile.fr\\\/?p=2761#primaryimage\"},\"thumbnailUrl\":\"https:\\\/\\\/audioprothesistes-a-domicile.fr\\\/wp-content\\\/uploads\\\/2024\\\/01\\\/Les-Protheses-Auditives-Intelligentes-Alimentees-par-lIA.webp\",\"articleSection\":[\"IA\",\"Neuropathie Auditive\"],\"inLanguage\":\"fr-FR\"},{\"@type\":\"WebPage\",\"@id\":\"https:\\\/\\\/audioprothesistes-a-domicile.fr\\\/?p=2761\",\"url\":\"https:\\\/\\\/audioprothesistes-a-domicile.fr\\\/?p=2761\",\"name\":\"Les Proth\u00e8ses Auditives Intelligentes Aliment\u00e9es par l'IA\",\"isPartOf\":{\"@id\":\"https:\\\/\\\/audioprothesistes-a-domicile.fr\\\/#website\"},\"primaryImageOfPage\":{\"@id\":\"https:\\\/\\\/audioprothesistes-a-domicile.fr\\\/?p=2761#primaryimage\"},\"image\":{\"@id\":\"https:\\\/\\\/audioprothesistes-a-domicile.fr\\\/?p=2761#primaryimage\"},\"thumbnailUrl\":\"https:\\\/\\\/audioprothesistes-a-domicile.fr\\\/wp-content\\\/uploads\\\/2024\\\/01\\\/Les-Protheses-Auditives-Intelligentes-Alimentees-par-lIA.webp\",\"datePublished\":\"2024-01-18T13:01:06+00:00\",\"dateModified\":\"2024-01-18T13:15:09+00:00\",\"description\":\"Les Proth\u00e8ses Auditives Intelligentes Aliment\u00e9es par l'IA dipl\u00f4m\u00e9s et exp\u00e9riment\u00e9s est passionn\u00e9e par l'aide qu'elle apporte et s'engage \u00e0 offrir les meilleures solutions auditives .\",\"breadcrumb\":{\"@id\":\"https:\\\/\\\/audioprothesistes-a-domicile.fr\\\/?p=2761#breadcrumb\"},\"inLanguage\":\"fr-FR\",\"potentialAction\":[{\"@type\":\"ReadAction\",\"target\":[\"https:\\\/\\\/audioprothesistes-a-domicile.fr\\\/?p=2761\"]}]},{\"@type\":\"ImageObject\",\"inLanguage\":\"fr-FR\",\"@id\":\"https:\\\/\\\/audioprothesistes-a-domicile.fr\\\/?p=2761#primaryimage\",\"url\":\"https:\\\/\\\/audioprothesistes-a-domicile.fr\\\/wp-content\\\/uploads\\\/2024\\\/01\\\/Les-Protheses-Auditives-Intelligentes-Alimentees-par-lIA.webp\",\"contentUrl\":\"https:\\\/\\\/audioprothesistes-a-domicile.fr\\\/wp-content\\\/uploads\\\/2024\\\/01\\\/Les-Protheses-Auditives-Intelligentes-Alimentees-par-lIA.webp\",\"width\":1024,\"height\":1024},{\"@type\":\"BreadcrumbList\",\"@id\":\"https:\\\/\\\/audioprothesistes-a-domicile.fr\\\/?p=2761#breadcrumb\",\"itemListElement\":[{\"@type\":\"ListItem\",\"position\":1,\"name\":\"Accueil\",\"item\":\"https:\\\/\\\/audioprothesistes-a-domicile.fr\\\/\"},{\"@type\":\"ListItem\",\"position\":2,\"name\":\"Les Proth\u00e8ses Auditives Intelligentes Aliment\u00e9es par l&rsquo;IA\"}]},{\"@type\":\"WebSite\",\"@id\":\"https:\\\/\\\/audioprothesistes-a-domicile.fr\\\/#website\",\"url\":\"https:\\\/\\\/audioprothesistes-a-domicile.fr\\\/\",\"name\":\"Audioproth\u00e9siste \u00e0 Domicile\",\"description\":\"Entendre le monde, chez vous\",\"publisher\":{\"@id\":\"https:\\\/\\\/audioprothesistes-a-domicile.fr\\\/#organization\"},\"potentialAction\":[{\"@type\":\"SearchAction\",\"target\":{\"@type\":\"EntryPoint\",\"urlTemplate\":\"https:\\\/\\\/audioprothesistes-a-domicile.fr\\\/?s={search_term_string}\"},\"query-input\":{\"@type\":\"PropertyValueSpecification\",\"valueRequired\":true,\"valueName\":\"search_term_string\"}}],\"inLanguage\":\"fr-FR\"},{\"@type\":\"Organization\",\"@id\":\"https:\\\/\\\/audioprothesistes-a-domicile.fr\\\/#organization\",\"name\":\"Audioproth\u00e9siste \u00e0 Domicile\",\"url\":\"https:\\\/\\\/audioprothesistes-a-domicile.fr\\\/\",\"logo\":{\"@type\":\"ImageObject\",\"inLanguage\":\"fr-FR\",\"@id\":\"https:\\\/\\\/audioprothesistes-a-domicile.fr\\\/#\\\/schema\\\/logo\\\/image\\\/\",\"url\":\"https:\\\/\\\/audioprothesistes-a-domicile.fr\\\/wp-content\\\/uploads\\\/2023\\\/12\\\/audioprothesiste-paris.jpeg\",\"contentUrl\":\"https:\\\/\\\/audioprothesistes-a-domicile.fr\\\/wp-content\\\/uploads\\\/2023\\\/12\\\/audioprothesiste-paris.jpeg\",\"width\":624,\"height\":76,\"caption\":\"Audioproth\u00e9siste \u00e0 Domicile\"},\"image\":{\"@id\":\"https:\\\/\\\/audioprothesistes-a-domicile.fr\\\/#\\\/schema\\\/logo\\\/image\\\/\"},\"sameAs\":[\"https:\\\/\\\/www.facebook.com\\\/audioprothesiste.a.domicile\\\/\",\"https:\\\/\\\/x.com\\\/audioprothes\"]},{\"@type\":\"Person\",\"@id\":\"https:\\\/\\\/audioprothesistes-a-domicile.fr\\\/#\\\/schema\\\/person\\\/d132290e0b1cc21243efe30f0b2c80e1\",\"name\":\"admin\",\"image\":{\"@type\":\"ImageObject\",\"inLanguage\":\"fr-FR\",\"@id\":\"https:\\\/\\\/secure.gravatar.com\\\/avatar\\\/4b9d2083b23314dbdd6f9858d127f74b9a2b215dd2a68a39fa56b5ee2f3cd64f?s=96&d=mm&r=g\",\"url\":\"https:\\\/\\\/secure.gravatar.com\\\/avatar\\\/4b9d2083b23314dbdd6f9858d127f74b9a2b215dd2a68a39fa56b5ee2f3cd64f?s=96&d=mm&r=g\",\"contentUrl\":\"https:\\\/\\\/secure.gravatar.com\\\/avatar\\\/4b9d2083b23314dbdd6f9858d127f74b9a2b215dd2a68a39fa56b5ee2f3cd64f?s=96&d=mm&r=g\",\"caption\":\"admin\"},\"sameAs\":[\"https:\\\/\\\/audioprothesistes-a-domicile.fr\"],\"url\":\"https:\\\/\\\/audioprothesistes-a-domicile.fr\\\/?author=1\"}]}<\/script>\n<!-- \/ Yoast SEO plugin. -->","yoast_head_json":{"title":"Les Proth\u00e8ses Auditives Intelligentes Aliment\u00e9es par l'IA","description":"Les Proth\u00e8ses Auditives Intelligentes Aliment\u00e9es par l'IA dipl\u00f4m\u00e9s et exp\u00e9riment\u00e9s est passionn\u00e9e par l'aide qu'elle apporte et s'engage \u00e0 offrir les meilleures solutions auditives .","robots":{"index":"index","follow":"follow","max-snippet":"max-snippet:-1","max-image-preview":"max-image-preview:large","max-video-preview":"max-video-preview:-1"},"canonical":"https:\/\/audioprothesistes-a-domicile.fr\/?p=2761","og_locale":"fr_FR","og_type":"article","og_title":"Les Proth\u00e8ses Auditives Intelligentes Aliment\u00e9es par l'IA","og_description":"Les Proth\u00e8ses Auditives Intelligentes Aliment\u00e9es par l'IA dipl\u00f4m\u00e9s et exp\u00e9riment\u00e9s est passionn\u00e9e par l'aide qu'elle apporte et s'engage \u00e0 offrir les meilleures solutions auditives .","og_url":"https:\/\/audioprothesistes-a-domicile.fr\/?p=2761","og_site_name":"Audioproth\u00e9siste \u00e0 Domicile","article_publisher":"https:\/\/www.facebook.com\/audioprothesiste.a.domicile\/","article_published_time":"2024-01-18T13:01:06+00:00","article_modified_time":"2024-01-18T13:15:09+00:00","og_image":[{"width":1024,"height":1024,"url":"https:\/\/audioprothesistes-a-domicile.fr\/wp-content\/uploads\/2024\/01\/Les-Protheses-Auditives-Intelligentes-Alimentees-par-lIA.webp","type":"image\/webp"}],"author":"admin","twitter_card":"summary_large_image","twitter_creator":"@audioprothes","twitter_site":"@audioprothes","twitter_misc":{"\u00c9crit par":"admin","Dur\u00e9e de lecture estim\u00e9e":"6 minutes"},"schema":{"@context":"https:\/\/schema.org","@graph":[{"@type":"Article","@id":"https:\/\/audioprothesistes-a-domicile.fr\/?p=2761#article","isPartOf":{"@id":"https:\/\/audioprothesistes-a-domicile.fr\/?p=2761"},"author":{"name":"admin","@id":"https:\/\/audioprothesistes-a-domicile.fr\/#\/schema\/person\/d132290e0b1cc21243efe30f0b2c80e1"},"headline":"Les Proth\u00e8ses Auditives Intelligentes Aliment\u00e9es par l&rsquo;IA","datePublished":"2024-01-18T13:01:06+00:00","dateModified":"2024-01-18T13:15:09+00:00","mainEntityOfPage":{"@id":"https:\/\/audioprothesistes-a-domicile.fr\/?p=2761"},"wordCount":791,"publisher":{"@id":"https:\/\/audioprothesistes-a-domicile.fr\/#organization"},"image":{"@id":"https:\/\/audioprothesistes-a-domicile.fr\/?p=2761#primaryimage"},"thumbnailUrl":"https:\/\/audioprothesistes-a-domicile.fr\/wp-content\/uploads\/2024\/01\/Les-Protheses-Auditives-Intelligentes-Alimentees-par-lIA.webp","articleSection":["IA","Neuropathie Auditive"],"inLanguage":"fr-FR"},{"@type":"WebPage","@id":"https:\/\/audioprothesistes-a-domicile.fr\/?p=2761","url":"https:\/\/audioprothesistes-a-domicile.fr\/?p=2761","name":"Les Proth\u00e8ses Auditives Intelligentes Aliment\u00e9es par l'IA","isPartOf":{"@id":"https:\/\/audioprothesistes-a-domicile.fr\/#website"},"primaryImageOfPage":{"@id":"https:\/\/audioprothesistes-a-domicile.fr\/?p=2761#primaryimage"},"image":{"@id":"https:\/\/audioprothesistes-a-domicile.fr\/?p=2761#primaryimage"},"thumbnailUrl":"https:\/\/audioprothesistes-a-domicile.fr\/wp-content\/uploads\/2024\/01\/Les-Protheses-Auditives-Intelligentes-Alimentees-par-lIA.webp","datePublished":"2024-01-18T13:01:06+00:00","dateModified":"2024-01-18T13:15:09+00:00","description":"Les Proth\u00e8ses Auditives Intelligentes Aliment\u00e9es par l'IA dipl\u00f4m\u00e9s et exp\u00e9riment\u00e9s est passionn\u00e9e par l'aide qu'elle apporte et s'engage \u00e0 offrir les meilleures solutions auditives .","breadcrumb":{"@id":"https:\/\/audioprothesistes-a-domicile.fr\/?p=2761#breadcrumb"},"inLanguage":"fr-FR","potentialAction":[{"@type":"ReadAction","target":["https:\/\/audioprothesistes-a-domicile.fr\/?p=2761"]}]},{"@type":"ImageObject","inLanguage":"fr-FR","@id":"https:\/\/audioprothesistes-a-domicile.fr\/?p=2761#primaryimage","url":"https:\/\/audioprothesistes-a-domicile.fr\/wp-content\/uploads\/2024\/01\/Les-Protheses-Auditives-Intelligentes-Alimentees-par-lIA.webp","contentUrl":"https:\/\/audioprothesistes-a-domicile.fr\/wp-content\/uploads\/2024\/01\/Les-Protheses-Auditives-Intelligentes-Alimentees-par-lIA.webp","width":1024,"height":1024},{"@type":"BreadcrumbList","@id":"https:\/\/audioprothesistes-a-domicile.fr\/?p=2761#breadcrumb","itemListElement":[{"@type":"ListItem","position":1,"name":"Accueil","item":"https:\/\/audioprothesistes-a-domicile.fr\/"},{"@type":"ListItem","position":2,"name":"Les Proth\u00e8ses Auditives Intelligentes Aliment\u00e9es par l&rsquo;IA"}]},{"@type":"WebSite","@id":"https:\/\/audioprothesistes-a-domicile.fr\/#website","url":"https:\/\/audioprothesistes-a-domicile.fr\/","name":"Audioproth\u00e9siste \u00e0 Domicile","description":"Entendre le monde, chez vous","publisher":{"@id":"https:\/\/audioprothesistes-a-domicile.fr\/#organization"},"potentialAction":[{"@type":"SearchAction","target":{"@type":"EntryPoint","urlTemplate":"https:\/\/audioprothesistes-a-domicile.fr\/?s={search_term_string}"},"query-input":{"@type":"PropertyValueSpecification","valueRequired":true,"valueName":"search_term_string"}}],"inLanguage":"fr-FR"},{"@type":"Organization","@id":"https:\/\/audioprothesistes-a-domicile.fr\/#organization","name":"Audioproth\u00e9siste \u00e0 Domicile","url":"https:\/\/audioprothesistes-a-domicile.fr\/","logo":{"@type":"ImageObject","inLanguage":"fr-FR","@id":"https:\/\/audioprothesistes-a-domicile.fr\/#\/schema\/logo\/image\/","url":"https:\/\/audioprothesistes-a-domicile.fr\/wp-content\/uploads\/2023\/12\/audioprothesiste-paris.jpeg","contentUrl":"https:\/\/audioprothesistes-a-domicile.fr\/wp-content\/uploads\/2023\/12\/audioprothesiste-paris.jpeg","width":624,"height":76,"caption":"Audioproth\u00e9siste \u00e0 Domicile"},"image":{"@id":"https:\/\/audioprothesistes-a-domicile.fr\/#\/schema\/logo\/image\/"},"sameAs":["https:\/\/www.facebook.com\/audioprothesiste.a.domicile\/","https:\/\/x.com\/audioprothes"]},{"@type":"Person","@id":"https:\/\/audioprothesistes-a-domicile.fr\/#\/schema\/person\/d132290e0b1cc21243efe30f0b2c80e1","name":"admin","image":{"@type":"ImageObject","inLanguage":"fr-FR","@id":"https:\/\/secure.gravatar.com\/avatar\/4b9d2083b23314dbdd6f9858d127f74b9a2b215dd2a68a39fa56b5ee2f3cd64f?s=96&d=mm&r=g","url":"https:\/\/secure.gravatar.com\/avatar\/4b9d2083b23314dbdd6f9858d127f74b9a2b215dd2a68a39fa56b5ee2f3cd64f?s=96&d=mm&r=g","contentUrl":"https:\/\/secure.gravatar.com\/avatar\/4b9d2083b23314dbdd6f9858d127f74b9a2b215dd2a68a39fa56b5ee2f3cd64f?s=96&d=mm&r=g","caption":"admin"},"sameAs":["https:\/\/audioprothesistes-a-domicile.fr"],"url":"https:\/\/audioprothesistes-a-domicile.fr\/?author=1"}]}},"_links":{"self":[{"href":"https:\/\/audioprothesistes-a-domicile.fr\/index.php?rest_route=\/wp\/v2\/posts\/2761","targetHints":{"allow":["GET"]}}],"collection":[{"href":"https:\/\/audioprothesistes-a-domicile.fr\/index.php?rest_route=\/wp\/v2\/posts"}],"about":[{"href":"https:\/\/audioprothesistes-a-domicile.fr\/index.php?rest_route=\/wp\/v2\/types\/post"}],"author":[{"embeddable":true,"href":"https:\/\/audioprothesistes-a-domicile.fr\/index.php?rest_route=\/wp\/v2\/users\/1"}],"replies":[{"embeddable":true,"href":"https:\/\/audioprothesistes-a-domicile.fr\/index.php?rest_route=%2Fwp%2Fv2%2Fcomments&post=2761"}],"version-history":[{"count":14,"href":"https:\/\/audioprothesistes-a-domicile.fr\/index.php?rest_route=\/wp\/v2\/posts\/2761\/revisions"}],"predecessor-version":[{"id":2776,"href":"https:\/\/audioprothesistes-a-domicile.fr\/index.php?rest_route=\/wp\/v2\/posts\/2761\/revisions\/2776"}],"wp:featuredmedia":[{"embeddable":true,"href":"https:\/\/audioprothesistes-a-domicile.fr\/index.php?rest_route=\/wp\/v2\/media\/2764"}],"wp:attachment":[{"href":"https:\/\/audioprothesistes-a-domicile.fr\/index.php?rest_route=%2Fwp%2Fv2%2Fmedia&parent=2761"}],"wp:term":[{"taxonomy":"category","embeddable":true,"href":"https:\/\/audioprothesistes-a-domicile.fr\/index.php?rest_route=%2Fwp%2Fv2%2Fcategories&post=2761"},{"taxonomy":"post_tag","embeddable":true,"href":"https:\/\/audioprothesistes-a-domicile.fr\/index.php?rest_route=%2Fwp%2Fv2%2Ftags&post=2761"}],"curies":[{"name":"wp","href":"https:\/\/api.w.org\/{rel}","templated":true}]}}